[{"@context":"https:\/\/schema.org\/","@type":"Article","@id":"https:\/\/www.agb.sk\/zucastnite-sa-podujati\/#Article","mainEntityOfPage":"https:\/\/www.agb.sk\/zucastnite-sa-podujati\/","headline":"Z\u00fa\u010dastnite sa podujat\u00ed","name":"Z\u00fa\u010dastnite sa podujat\u00ed","description":"\u013dudia si chc\u00fa spr\u00edjemni\u0165 zimu aj in\u00e1\u010d ako be\u017en\u00fdm ly\u017eovan\u00edm \u00a0\u010di sviatkami. Aj ke\u010f sa tepl\u00e9 dni ako v lete","datePublished":"2018-10-10","dateModified":"2018-10-10","author":{"@type":"Person","@id":"https:\/\/www.agb.sk\/author\/devene\/#Person","name":"devene","url":"https:\/\/www.agb.sk\/author\/devene\/","identifier":1,"image":{"@type":"ImageObject","@id":"https:\/\/secure.gravatar.com\/avatar\/a231d13c7dfc9c75f2343f864438f5ab9c0bfebd1aa37dfd3bb16118c04f838c?s=96&d=mm&r=g","url":"https:\/\/secure.gravatar.com\/avatar\/a231d13c7dfc9c75f2343f864438f5ab9c0bfebd1aa37dfd3bb16118c04f838c?s=96&d=mm&r=g","height":96,"width":96}},"publisher":{"@type":"Organization","name":"agb.sk","logo":{"@type":"ImageObject","@id":"\/logo.png","url":"\/logo.png","width":600,"height":60}},"image":{"@type":"ImageObject","@id":"https:\/\/www.agb.sk\/wp-content\/uploads\/img_a294530_w16650_t1544465714.jpg","url":"https:\/\/www.agb.sk\/wp-content\/uploads\/img_a294530_w16650_t1544465714.jpg","height":0,"width":0},"url":"https:\/\/www.agb.sk\/zucastnite-sa-podujati\/","wordCount":390,"articleBody":"\u013dudia si chc\u00fa spr\u00edjemni\u0165 zimu aj in\u00e1\u010d ako be\u017en\u00fdm ly\u017eovan\u00edm \u00a0\u010di sviatkami. Aj ke\u010f sa tepl\u00e9 dni ako v lete nekonaj\u00fa, mnoho \u013eud\u00ed m\u00e1 pocit, \u017ee podujat\u00ed, ktor\u00e9 zahrej\u00fa je viac ako dos\u0165. Never\u00edte? Sta\u010d\u00ed v\u00e1m vy\u0165uka\u0165 najbli\u017e\u0161iu umeleck\u00fa \u0161kolu a aj vy zist\u00edte, \u017ee usporad\u00favaj\u00fa ve\u010dierok. V zime to u n\u00e1s \u017eije viac ako dos\u0165.\t\tNa ak\u00fdch umelcov sa m\u00f4\u017eeme te\u0161i\u0165 t\u00fato zimu? Ako oby\u010dajne, jedna z najob\u013e\u00fabenej\u0161\u00edch slovensk\u00fdch skup\u00edn IMT Smile potiahnu \u0161n\u00faru koncertov, ktor\u00e9 bud\u00fa laden\u00e9 do viano\u010dn\u00fdch t\u00f3nov. Te\u0161i\u0165 sa teda m\u00f4\u017eete nielen na zn\u00e1me koledy, ale aj na folkl\u00f3r a piesne, ktor\u00e9 vie sko\u010dne origin\u00e1lne poda\u0165 len Ivan T\u00e1sler. Ke\u010f sme u\u017e na v\u00fdchode, mus\u00edme pripomen\u00fa\u0165 aj koncerty, ktor\u00e9 pripravuje \u0160t\u00e1tna filharm\u00f3nia v Ko\u0161iciach. Vo\u013en\u00e9 term\u00edny pre milovn\u00edkov klasickej hudby s\u00fa dostupn\u00e9 nie len v tomto roku, ale aj na nov\u00fd rok. Ak by sa v\u00e1m to zdalo m\u00e1lo, na koncertn\u00fa \u0161n\u00faru sa u\u017e tak ako oby\u010dajne vyd\u00e1vaj\u00fa aj \u010desk\u00e9 legendy spevu a\u00a0to Karel Gott alebo Luie Bil\u00e1.\t\tAk st\u00e1le d\u00e1vate prednos\u0165 slovenskej hudobnej sc\u00e9ne, tak vedzte, \u017ee tak\u00fd Miroslav \u017dbirka dr\u017e\u00ed tie\u017e trad\u00edciu v zimn\u00fdch koncertoch. Mnoh\u00fdmi ob\u013e\u00faben\u00e1 skupina Fragile priv\u00e1bi tak ako v\u017edy nemal\u00e9 po\u010dty fan\u00fa\u0161ikov, preto si ich koncerty rezervujte u\u017e v\u010das.\t\tPre milovn\u00edkov prekvapen\u00ed neza\u0161kod\u00ed, ak sa vyber\u00fa do najbli\u017e\u0161ieho obchodn\u00e9ho centra alebo na mestsk\u00e9 trhy. V tomto obdob\u00ed sa usporad\u00favaj\u00fa koncerty r\u00f4znych, aj t\u00fdch menej zn\u00e1mych interpretov. To v\u0161ak neznamen\u00e1, \u017ee by boli na tom v kvalite hor\u0161ie. Taktie\u017e sa m\u00f4\u017eete te\u0161i\u0165 na vyst\u00fapenia r\u00f4znych folkl\u00f3rnych s\u00fabor zo sveta. Napr\u00edklad tak\u00e1 Ukrajina \u010di Po\u013esko u\u017e nieko\u013eko kr\u00e1t zaplnili ulice kr\u00e1snymi \u013eudov\u00fdmi pesni\u010dkami.\t\tMlad\u0161ie gener\u00e1cie daj\u00fa ur\u010dite prednos\u0165 interpretom ako Filip T\u00fama a Nela Pociskov\u00e1, Desmod a t\u00ed najmen\u0161\u00ed si zamiluj\u00fa e\u0161te viac na \u017eivo Spievankovo a Mira Jaro\u0161a, ktor\u00ed ani v tomto obdob\u00ed nezabudli na svojich vern\u00fdch fan\u00fa\u0161ikov.                                                                                                                                                                                                                                                                                                                                                                                        4\/5 - (1 vote)        "},{"@context":"https:\/\/schema.org\/","@type":"BreadcrumbList","itemListElement":[{"@type":"ListItem","position":1,"name":"Z\u00fa\u010dastnite sa podujat\u00ed","item":"https:\/\/www.agb.sk\/zucastnite-sa-podujati\/#breadcrumbitem"}]}]